{"id":751,"date":"2021-12-02T17:30:10","date_gmt":"2021-12-02T16:30:10","guid":{"rendered":"https:\/\/europedirect-karlovac.eu\/?p=751"},"modified":"2021-12-02T17:30:10","modified_gmt":"2021-12-02T16:30:10","slug":"dani-otvorenih-vrata-eu-projekata-u-karlovackoj-zupaniji-2021","status":"publish","type":"post","link":"https:\/\/europedirect-karlovac.eu\/en\/dani-otvorenih-vrata-eu-projekata-u-karlovackoj-zupaniji-2021\/","title":{"rendered":"Open days of EU projects in Karlovac County 2021"},"content":{"rendered":"<p>Public Institution Regional Development Agency of Karlovac County once again joined the celebration of the Open Day of EU projects; an event that from 20th to 30th November is regularly organized by the Ministry of Regional Development and EU Funds. The goal of the \"Open Day of EU projects\" is to present to the general public projects that have contributed to the development of local communities in all life areas.<\/p>\n<p>Due to epidemiological measures, Public Institution Regional Development Agency of Karlovac County organized the recording of a television show, and in cooperation with Trend Television, recording of a TV debate, where they talked about projects implemented and prepared in Karlovac County, as well as their contribution to better life of citizens and wider community, which is the ultimate goal of European Union cohesion policy.<\/p>\n<p>Karlovac County Prefect Martina Furdek Hajdin, Karlovac Mayor Damir Mandi\u0107, General Manager of Hrvatske vode Zoran \u0110urokovi\u0107 and JURRA Deputy Director Krunoslav Kralj took part in the TV debate. Also, several videos were recorded on a number of successfully completed projects; from Wastewater Treatment Plant to Aquatika, as well as on projects that are being implemented or are being prepared\/implemented, such as Nikola Tesla Business Center, Regional Competence Center, Edison Cinema Renovation project and hot water pipeline renovation which is also a strategic project of the future called GeotermiKa. Also, there was talk of large state projects that will protect citizens in the long term from floods in the Ogulin and Karlovac area. Tomislav Sokol, a member of the European Parliament, also expressed his views on how successful Karlovac County is in withdrawing money from EU funds.<\/p>\n<p>Link to TV show:<br \/>\n<a href=\"https:\/\/www.youtube.com\/watch?v=-XQGkDc7OV8\">https:\/\/www.youtube.com\/watch?v=-XQGkDc7OV8<\/a><br \/>\nSource: <a href=\"https:\/\/www.ra-kazup.hr\/dani-otvorenih-vrata-eu-projekata\/\">https:\/\/www.ra-kazup.hr\/dani-otvorenih-vrata-eu-projekata\/<\/a><\/p>","protected":false},"excerpt":{"rendered":"<p>Javna ustanova Regionalna razvojna agencija Karlova\u010dke \u017eupanije i ove se godine uklju\u010dila u obilje\u017eavanje Dana otvorenih vrata EU projekata, manifestaciju koju od 20. do 30.11.2021. redovito organizira Ministarstvo regionalnog razvoja i fondova EU. Cilj odr\u017eavanja \u201cDana otvorenih vrata EU projekata\u201d je \u0161to \u0161iroj javnosti predstaviti projekte koji su dali doprinos razvoju lokalnih zajednica u svim [&hellip;]<\/p>","protected":false},"author":1,"featured_media":752,"comment_status":"open","ping_status":"open","sticky":false,"template":"","format":"standard","meta":{"_acf_changed":false,"footnotes":""},"categories":[4],"tags":[],"class_list":["post-751","post","type-post","status-publish","format-standard","has-post-thumbnail","hentry","category-vijesti"],"acf":[],"yoast_head":"<!-- This site is optimized with the Yoast SEO plugin v27.5 - https:\/\/yoast.com\/product\/yoast-seo-wordpress\/ -->\n<title>Dani otvorenih vrata EU projekata u Karlova\u010dkoj \u017eupaniji 2021. - Europedirect Karlovac<\/title>\n<meta name=\"robots\" content=\"index, follow, max-snippet:-1, max-image-preview:large, max-video-preview:-1\" \/>\n<link rel=\"canonical\" href=\"https:\/\/europedirect-karlovac.eu\/en\/dani-otvorenih-vrata-eu-projekata-u-karlovackoj-zupaniji-2021\/\" \/>\n<meta property=\"og:locale\" content=\"en_US\" \/>\n<meta property=\"og:type\" content=\"article\" \/>\n<meta property=\"og:title\" content=\"Dani otvorenih vrata EU projekata u Karlova\u010dkoj \u017eupaniji 2021. - Europedirect Karlovac\" \/>\n<meta property=\"og:description\" content=\"Javna ustanova Regionalna razvojna agencija Karlova\u010dke \u017eupanije i ove se godine uklju\u010dila u obilje\u017eavanje Dana otvorenih vrata EU projekata, manifestaciju koju od 20. do 30.11.2021. redovito organizira Ministarstvo regionalnog razvoja i fondova EU. Cilj odr\u017eavanja \u201cDana otvorenih vrata EU projekata\u201d je \u0161to \u0161iroj javnosti predstaviti projekte koji su dali doprinos razvoju lokalnih zajednica u svim [&hellip;]\" \/>\n<meta property=\"og:url\" content=\"https:\/\/europedirect-karlovac.eu\/en\/dani-otvorenih-vrata-eu-projekata-u-karlovackoj-zupaniji-2021\/\" \/>\n<meta property=\"og:site_name\" content=\"Europedirect Karlovac\" \/>\n<meta property=\"article:published_time\" content=\"2021-12-02T16:30:10+00:00\" \/>\n<meta property=\"og:image\" content=\"https:\/\/europedirect-karlovac.eu\/wp-content\/uploads\/2021\/12\/DOV.jpg\" \/>\n\t<meta property=\"og:image:width\" content=\"1030\" \/>\n\t<meta property=\"og:image:height\" content=\"580\" \/>\n\t<meta property=\"og:image:type\" content=\"image\/jpeg\" \/>\n<meta name=\"author\" content=\"admin\" \/>\n<meta name=\"twitter:card\" content=\"summary_large_image\" \/>\n<meta name=\"twitter:label1\" content=\"Written by\" \/>\n\t<meta name=\"twitter:data1\" content=\"admin\" \/>\n\t<meta name=\"twitter:label2\" content=\"Est. reading time\" \/>\n\t<meta name=\"twitter:data2\" content=\"2 minutes\" \/>\n<script type=\"application\/ld+json\" class=\"yoast-schema-graph\">{\"@context\":\"https:\\\/\\\/schema.org\",\"@graph\":[{\"@type\":\"Article\",\"@id\":\"https:\\\/\\\/europedirect-karlovac.eu\\\/dani-otvorenih-vrata-eu-projekata-u-karlovackoj-zupaniji-2021\\\/#article\",\"isPartOf\":{\"@id\":\"https:\\\/\\\/europedirect-karlovac.eu\\\/dani-otvorenih-vrata-eu-projekata-u-karlovackoj-zupaniji-2021\\\/\"},\"author\":{\"name\":\"admin\",\"@id\":\"https:\\\/\\\/europedirect-karlovac.eu\\\/#\\\/schema\\\/person\\\/8ed4d5969ce5e1a9647bff20137c254d\"},\"headline\":\"Dani otvorenih vrata EU projekata u Karlova\u010dkoj \u017eupaniji 2021.\",\"datePublished\":\"2021-12-02T16:30:10+00:00\",\"mainEntityOfPage\":{\"@id\":\"https:\\\/\\\/europedirect-karlovac.eu\\\/dani-otvorenih-vrata-eu-projekata-u-karlovackoj-zupaniji-2021\\\/\"},\"wordCount\":326,\"commentCount\":0,\"image\":{\"@id\":\"https:\\\/\\\/europedirect-karlovac.eu\\\/dani-otvorenih-vrata-eu-projekata-u-karlovackoj-zupaniji-2021\\\/#primaryimage\"},\"thumbnailUrl\":\"https:\\\/\\\/europedirect-karlovac.eu\\\/wp-content\\\/uploads\\\/2021\\\/12\\\/DOV.jpg\",\"articleSection\":[\"Vijesti\"],\"inLanguage\":\"en-US\",\"potentialAction\":[{\"@type\":\"CommentAction\",\"name\":\"Comment\",\"target\":[\"https:\\\/\\\/europedirect-karlovac.eu\\\/dani-otvorenih-vrata-eu-projekata-u-karlovackoj-zupaniji-2021\\\/#respond\"]}]},{\"@type\":\"WebPage\",\"@id\":\"https:\\\/\\\/europedirect-karlovac.eu\\\/dani-otvorenih-vrata-eu-projekata-u-karlovackoj-zupaniji-2021\\\/\",\"url\":\"https:\\\/\\\/europedirect-karlovac.eu\\\/dani-otvorenih-vrata-eu-projekata-u-karlovackoj-zupaniji-2021\\\/\",\"name\":\"Dani otvorenih vrata EU projekata u Karlova\u010dkoj \u017eupaniji 2021. - Europedirect Karlovac\",\"isPartOf\":{\"@id\":\"https:\\\/\\\/europedirect-karlovac.eu\\\/#website\"},\"primaryImageOfPage\":{\"@id\":\"https:\\\/\\\/europedirect-karlovac.eu\\\/dani-otvorenih-vrata-eu-projekata-u-karlovackoj-zupaniji-2021\\\/#primaryimage\"},\"image\":{\"@id\":\"https:\\\/\\\/europedirect-karlovac.eu\\\/dani-otvorenih-vrata-eu-projekata-u-karlovackoj-zupaniji-2021\\\/#primaryimage\"},\"thumbnailUrl\":\"https:\\\/\\\/europedirect-karlovac.eu\\\/wp-content\\\/uploads\\\/2021\\\/12\\\/DOV.jpg\",\"datePublished\":\"2021-12-02T16:30:10+00:00\",\"author\":{\"@id\":\"https:\\\/\\\/europedirect-karlovac.eu\\\/#\\\/schema\\\/person\\\/8ed4d5969ce5e1a9647bff20137c254d\"},\"breadcrumb\":{\"@id\":\"https:\\\/\\\/europedirect-karlovac.eu\\\/dani-otvorenih-vrata-eu-projekata-u-karlovackoj-zupaniji-2021\\\/#breadcrumb\"},\"inLanguage\":\"en-US\",\"potentialAction\":[{\"@type\":\"ReadAction\",\"target\":[\"https:\\\/\\\/europedirect-karlovac.eu\\\/dani-otvorenih-vrata-eu-projekata-u-karlovackoj-zupaniji-2021\\\/\"]}]},{\"@type\":\"ImageObject\",\"inLanguage\":\"en-US\",\"@id\":\"https:\\\/\\\/europedirect-karlovac.eu\\\/dani-otvorenih-vrata-eu-projekata-u-karlovackoj-zupaniji-2021\\\/#primaryimage\",\"url\":\"https:\\\/\\\/europedirect-karlovac.eu\\\/wp-content\\\/uploads\\\/2021\\\/12\\\/DOV.jpg\",\"contentUrl\":\"https:\\\/\\\/europedirect-karlovac.eu\\\/wp-content\\\/uploads\\\/2021\\\/12\\\/DOV.jpg\",\"width\":1030,\"height\":580},{\"@type\":\"BreadcrumbList\",\"@id\":\"https:\\\/\\\/europedirect-karlovac.eu\\\/dani-otvorenih-vrata-eu-projekata-u-karlovackoj-zupaniji-2021\\\/#breadcrumb\",\"itemListElement\":[{\"@type\":\"ListItem\",\"position\":1,\"name\":\"Po\u010detna stranica\",\"item\":\"https:\\\/\\\/europedirect-karlovac.eu\\\/\"},{\"@type\":\"ListItem\",\"position\":2,\"name\":\"Dani otvorenih vrata EU projekata u Karlova\u010dkoj \u017eupaniji 2021.\"}]},{\"@type\":\"WebSite\",\"@id\":\"https:\\\/\\\/europedirect-karlovac.eu\\\/#website\",\"url\":\"https:\\\/\\\/europedirect-karlovac.eu\\\/\",\"name\":\"Europedirect Karlovac\",\"description\":\"europedirect-karlovac.eu\",\"potentialAction\":[{\"@type\":\"SearchAction\",\"target\":{\"@type\":\"EntryPoint\",\"urlTemplate\":\"https:\\\/\\\/europedirect-karlovac.eu\\\/?s={search_term_string}\"},\"query-input\":{\"@type\":\"PropertyValueSpecification\",\"valueRequired\":true,\"valueName\":\"search_term_string\"}}],\"inLanguage\":\"en-US\"},{\"@type\":\"Person\",\"@id\":\"https:\\\/\\\/europedirect-karlovac.eu\\\/#\\\/schema\\\/person\\\/8ed4d5969ce5e1a9647bff20137c254d\",\"name\":\"admin\",\"image\":{\"@type\":\"ImageObject\",\"inLanguage\":\"en-US\",\"@id\":\"https:\\\/\\\/secure.gravatar.com\\\/avatar\\\/6b49b3b0046ad97768a8cf18a570428b3a525094d9707bac36b7468f231e926b?s=96&d=mm&r=g\",\"url\":\"https:\\\/\\\/secure.gravatar.com\\\/avatar\\\/6b49b3b0046ad97768a8cf18a570428b3a525094d9707bac36b7468f231e926b?s=96&d=mm&r=g\",\"contentUrl\":\"https:\\\/\\\/secure.gravatar.com\\\/avatar\\\/6b49b3b0046ad97768a8cf18a570428b3a525094d9707bac36b7468f231e926b?s=96&d=mm&r=g\",\"caption\":\"admin\"},\"sameAs\":[\"https:\\\/\\\/europedirect-karlovac.eu\"]}]}<\/script>\n<!-- \/ Yoast SEO plugin. -->","yoast_head_json":{"title":"Dani otvorenih vrata EU projekata u Karlova\u010dkoj \u017eupaniji 2021. - Europedirect Karlovac","robots":{"index":"index","follow":"follow","max-snippet":"max-snippet:-1","max-image-preview":"max-image-preview:large","max-video-preview":"max-video-preview:-1"},"canonical":"https:\/\/europedirect-karlovac.eu\/en\/dani-otvorenih-vrata-eu-projekata-u-karlovackoj-zupaniji-2021\/","og_locale":"en_US","og_type":"article","og_title":"Dani otvorenih vrata EU projekata u Karlova\u010dkoj \u017eupaniji 2021. - Europedirect Karlovac","og_description":"Javna ustanova Regionalna razvojna agencija Karlova\u010dke \u017eupanije i ove se godine uklju\u010dila u obilje\u017eavanje Dana otvorenih vrata EU projekata, manifestaciju koju od 20. do 30.11.2021. redovito organizira Ministarstvo regionalnog razvoja i fondova EU. Cilj odr\u017eavanja \u201cDana otvorenih vrata EU projekata\u201d je \u0161to \u0161iroj javnosti predstaviti projekte koji su dali doprinos razvoju lokalnih zajednica u svim [&hellip;]","og_url":"https:\/\/europedirect-karlovac.eu\/en\/dani-otvorenih-vrata-eu-projekata-u-karlovackoj-zupaniji-2021\/","og_site_name":"Europedirect Karlovac","article_published_time":"2021-12-02T16:30:10+00:00","og_image":[{"width":1030,"height":580,"url":"https:\/\/europedirect-karlovac.eu\/wp-content\/uploads\/2021\/12\/DOV.jpg","type":"image\/jpeg"}],"author":"admin","twitter_card":"summary_large_image","twitter_misc":{"Written by":"admin","Est. reading time":"2 minutes"},"schema":{"@context":"https:\/\/schema.org","@graph":[{"@type":"Article","@id":"https:\/\/europedirect-karlovac.eu\/dani-otvorenih-vrata-eu-projekata-u-karlovackoj-zupaniji-2021\/#article","isPartOf":{"@id":"https:\/\/europedirect-karlovac.eu\/dani-otvorenih-vrata-eu-projekata-u-karlovackoj-zupaniji-2021\/"},"author":{"name":"admin","@id":"https:\/\/europedirect-karlovac.eu\/#\/schema\/person\/8ed4d5969ce5e1a9647bff20137c254d"},"headline":"Dani otvorenih vrata EU projekata u Karlova\u010dkoj \u017eupaniji 2021.","datePublished":"2021-12-02T16:30:10+00:00","mainEntityOfPage":{"@id":"https:\/\/europedirect-karlovac.eu\/dani-otvorenih-vrata-eu-projekata-u-karlovackoj-zupaniji-2021\/"},"wordCount":326,"commentCount":0,"image":{"@id":"https:\/\/europedirect-karlovac.eu\/dani-otvorenih-vrata-eu-projekata-u-karlovackoj-zupaniji-2021\/#primaryimage"},"thumbnailUrl":"https:\/\/europedirect-karlovac.eu\/wp-content\/uploads\/2021\/12\/DOV.jpg","articleSection":["Vijesti"],"inLanguage":"en-US","potentialAction":[{"@type":"CommentAction","name":"Comment","target":["https:\/\/europedirect-karlovac.eu\/dani-otvorenih-vrata-eu-projekata-u-karlovackoj-zupaniji-2021\/#respond"]}]},{"@type":"WebPage","@id":"https:\/\/europedirect-karlovac.eu\/dani-otvorenih-vrata-eu-projekata-u-karlovackoj-zupaniji-2021\/","url":"https:\/\/europedirect-karlovac.eu\/dani-otvorenih-vrata-eu-projekata-u-karlovackoj-zupaniji-2021\/","name":"Dani otvorenih vrata EU projekata u Karlova\u010dkoj \u017eupaniji 2021. - Europedirect Karlovac","isPartOf":{"@id":"https:\/\/europedirect-karlovac.eu\/#website"},"primaryImageOfPage":{"@id":"https:\/\/europedirect-karlovac.eu\/dani-otvorenih-vrata-eu-projekata-u-karlovackoj-zupaniji-2021\/#primaryimage"},"image":{"@id":"https:\/\/europedirect-karlovac.eu\/dani-otvorenih-vrata-eu-projekata-u-karlovackoj-zupaniji-2021\/#primaryimage"},"thumbnailUrl":"https:\/\/europedirect-karlovac.eu\/wp-content\/uploads\/2021\/12\/DOV.jpg","datePublished":"2021-12-02T16:30:10+00:00","author":{"@id":"https:\/\/europedirect-karlovac.eu\/#\/schema\/person\/8ed4d5969ce5e1a9647bff20137c254d"},"breadcrumb":{"@id":"https:\/\/europedirect-karlovac.eu\/dani-otvorenih-vrata-eu-projekata-u-karlovackoj-zupaniji-2021\/#breadcrumb"},"inLanguage":"en-US","potentialAction":[{"@type":"ReadAction","target":["https:\/\/europedirect-karlovac.eu\/dani-otvorenih-vrata-eu-projekata-u-karlovackoj-zupaniji-2021\/"]}]},{"@type":"ImageObject","inLanguage":"en-US","@id":"https:\/\/europedirect-karlovac.eu\/dani-otvorenih-vrata-eu-projekata-u-karlovackoj-zupaniji-2021\/#primaryimage","url":"https:\/\/europedirect-karlovac.eu\/wp-content\/uploads\/2021\/12\/DOV.jpg","contentUrl":"https:\/\/europedirect-karlovac.eu\/wp-content\/uploads\/2021\/12\/DOV.jpg","width":1030,"height":580},{"@type":"BreadcrumbList","@id":"https:\/\/europedirect-karlovac.eu\/dani-otvorenih-vrata-eu-projekata-u-karlovackoj-zupaniji-2021\/#breadcrumb","itemListElement":[{"@type":"ListItem","position":1,"name":"Po\u010detna stranica","item":"https:\/\/europedirect-karlovac.eu\/"},{"@type":"ListItem","position":2,"name":"Dani otvorenih vrata EU projekata u Karlova\u010dkoj \u017eupaniji 2021."}]},{"@type":"WebSite","@id":"https:\/\/europedirect-karlovac.eu\/#website","url":"https:\/\/europedirect-karlovac.eu\/","name":"Europedirect Karlovac","description":"europedirect-karlovac.eu","potentialAction":[{"@type":"SearchAction","target":{"@type":"EntryPoint","urlTemplate":"https:\/\/europedirect-karlovac.eu\/?s={search_term_string}"},"query-input":{"@type":"PropertyValueSpecification","valueRequired":true,"valueName":"search_term_string"}}],"inLanguage":"en-US"},{"@type":"Person","@id":"https:\/\/europedirect-karlovac.eu\/#\/schema\/person\/8ed4d5969ce5e1a9647bff20137c254d","name":"admin","image":{"@type":"ImageObject","inLanguage":"en-US","@id":"https:\/\/secure.gravatar.com\/avatar\/6b49b3b0046ad97768a8cf18a570428b3a525094d9707bac36b7468f231e926b?s=96&d=mm&r=g","url":"https:\/\/secure.gravatar.com\/avatar\/6b49b3b0046ad97768a8cf18a570428b3a525094d9707bac36b7468f231e926b?s=96&d=mm&r=g","contentUrl":"https:\/\/secure.gravatar.com\/avatar\/6b49b3b0046ad97768a8cf18a570428b3a525094d9707bac36b7468f231e926b?s=96&d=mm&r=g","caption":"admin"},"sameAs":["https:\/\/europedirect-karlovac.eu"]}]}},"_links":{"self":[{"href":"https:\/\/europedirect-karlovac.eu\/en\/wp-json\/wp\/v2\/posts\/751","targetHints":{"allow":["GET"]}}],"collection":[{"href":"https:\/\/europedirect-karlovac.eu\/en\/wp-json\/wp\/v2\/posts"}],"about":[{"href":"https:\/\/europedirect-karlovac.eu\/en\/wp-json\/wp\/v2\/types\/post"}],"author":[{"embeddable":true,"href":"https:\/\/europedirect-karlovac.eu\/en\/wp-json\/wp\/v2\/users\/1"}],"replies":[{"embeddable":true,"href":"https:\/\/europedirect-karlovac.eu\/en\/wp-json\/wp\/v2\/comments?post=751"}],"version-history":[{"count":1,"href":"https:\/\/europedirect-karlovac.eu\/en\/wp-json\/wp\/v2\/posts\/751\/revisions"}],"predecessor-version":[{"id":753,"href":"https:\/\/europedirect-karlovac.eu\/en\/wp-json\/wp\/v2\/posts\/751\/revisions\/753"}],"wp:featuredmedia":[{"embeddable":true,"href":"https:\/\/europedirect-karlovac.eu\/en\/wp-json\/wp\/v2\/media\/752"}],"wp:attachment":[{"href":"https:\/\/europedirect-karlovac.eu\/en\/wp-json\/wp\/v2\/media?parent=751"}],"wp:term":[{"taxonomy":"category","embeddable":true,"href":"https:\/\/europedirect-karlovac.eu\/en\/wp-json\/wp\/v2\/categories?post=751"},{"taxonomy":"post_tag","embeddable":true,"href":"https:\/\/europedirect-karlovac.eu\/en\/wp-json\/wp\/v2\/tags?post=751"}],"curies":[{"name":"wp","href":"https:\/\/api.w.org\/{rel}","templated":true}]}}